{"id":1209,"date":"2026-08-25T13:34:25","date_gmt":"2026-08-25T13:34:25","guid":{"rendered":"https:\/\/mepego.com.co\/?p=1209"},"modified":"2026-08-25T13:34:59","modified_gmt":"2026-08-25T13:34:59","slug":"dakar-entre-el-car-rapide-el-arte-y-la-memoria-de-africa","status":"publish","type":"post","link":"https:\/\/mepego.com.co\/en\/dakar-entre-el-car-rapide-el-arte-y-la-memoria-de-africa\/","title":{"rendered":"Dakar: entre el Car Rapide, el arte y la memoria de \u00c1frica"},"content":{"rendered":"<figure class=\"wp-block-image size-large\"><img fetchpriority=\"high\" decoding=\"async\" width=\"1024\" height=\"770\" src=\"https:\/\/mepego.com.co\/wp-content\/uploads\/2026\/08\/blog-5-selfie-1024x770.webp\" alt=\"\" class=\"wp-image-1212\" srcset=\"https:\/\/mepego.com.co\/wp-content\/uploads\/2026\/08\/blog-5-selfie-1024x770.webp 1024w, https:\/\/mepego.com.co\/wp-content\/uploads\/2026\/08\/blog-5-selfie-300x226.webp 300w, https:\/\/mepego.com.co\/wp-content\/uploads\/2026\/08\/blog-5-selfie-768x577.webp 768w, https:\/\/mepego.com.co\/wp-content\/uploads\/2026\/08\/blog-5-selfie-1536x1155.webp 1536w, https:\/\/mepego.com.co\/wp-content\/uploads\/2026\/08\/blog-5-selfie-16x12.webp 16w, https:\/\/mepego.com.co\/wp-content\/uploads\/2026\/08\/blog-5-selfie-600x451.webp 600w, https:\/\/mepego.com.co\/wp-content\/uploads\/2026\/08\/blog-5-selfie.webp 2046w\" sizes=\"(max-width: 1024px) 100vw, 1024px\" \/><\/figure>\n\n\n\n<p class=\"wp-block-paragraph\">Hay ciudades que se reconocen por sus monumentos.<\/p>\n\n\n\n<p class=\"wp-block-paragraph\">Dakar tambi\u00e9n se reconoce por sus colores.<\/p>\n\n\n\n<p class=\"wp-block-paragraph\">Por sus calles.<\/p>\n\n\n\n<p class=\"wp-block-paragraph\">Por sus mercados.<\/p>\n\n\n\n<p class=\"wp-block-paragraph\">Por sus veh\u00edculos.<\/p>\n\n\n\n<p class=\"wp-block-paragraph\">Por sus telas.<\/p>\n\n\n\n<p class=\"wp-block-paragraph\">Por sus museos.<\/p>\n\n\n\n<p class=\"wp-block-paragraph\">Y por la manera como la cultura aparece en la vida cotidiana.<\/p>\n\n\n\n<p class=\"wp-block-paragraph\">El Car Rapide: una ciudad sobre ruedas<\/p>\n\n\n\n<p class=\"wp-block-paragraph\">Uno de los elementos visuales que m\u00e1s llama la atenci\u00f3n al recorrer Dakar es el Car Rapide.<\/p>\n\n\n\n<p class=\"wp-block-paragraph\">M\u00e1s que un medio de transporte, forma parte de la identidad visual de la ciudad.<\/p>\n\n\n\n<p class=\"wp-block-paragraph\">Sus colores, formas y presencia cotidiana muestran algo que para un dise\u00f1ador industrial resulta fascinante: el dise\u00f1o tambi\u00e9n nace de la vida diaria.<\/p>\n\n\n\n<p class=\"wp-block-paragraph\">No siempre est\u00e1 encerrado en un estudio.<\/p>\n\n\n\n<p class=\"wp-block-paragraph\">Puede estar en una calle.<\/p>\n\n\n\n<p class=\"wp-block-paragraph\">En un veh\u00edculo.<\/p>\n\n\n\n<p class=\"wp-block-paragraph\">En una fachada.<\/p>\n\n\n\n<p class=\"wp-block-paragraph\">En un mercado.<\/p>\n\n\n\n<p class=\"wp-block-paragraph\">En un objeto que millones de personas utilizan.<\/p>\n\n\n\n<p class=\"wp-block-paragraph\">Dakar y sus espacios de memoria<\/p>\n\n\n\n<p class=\"wp-block-paragraph\">Nuestra visita tambi\u00e9n nos llev\u00f3 a espacios dedicados al arte y la cultura africana.<\/p>\n\n\n\n<p class=\"wp-block-paragraph\">Entre ellos, el Museo de las Civilizaciones Negras, instituci\u00f3n cultural vinculada actualmente al Ministerio de Cultura de Senegal, cuyo prop\u00f3sito es celebrar las civilizaciones negras en el tiempo y en el mundo<\/p>\n\n\n\n<p class=\"wp-block-paragraph\">Para quienes trabajamos con dise\u00f1o, estos espacios tienen un enorme valor.<\/p>\n\n\n\n<p class=\"wp-block-paragraph\">Permiten observar c\u00f3mo una sociedad expresa su identidad mediante objetos, formas, s\u00edmbolos, colores y materiales.<\/p>\n\n\n\n<p class=\"wp-block-paragraph\">El arte como conversaci\u00f3n<\/p>\n\n\n\n<p class=\"wp-block-paragraph\">En Dakar tambi\u00e9n visitamos el entorno del Museo Th\u00e9odore Monod de Arte Africano y tuvimos contacto con diferentes expresiones art\u00edsticas.<\/p>\n\n\n\n<p class=\"wp-block-paragraph\">El arte africano contempor\u00e1neo nos enfrent\u00f3 a preguntas relacionadas con identidad, memoria, territorio y transformaci\u00f3n.<\/p>\n\n\n\n<p class=\"wp-block-paragraph\">Y esas preguntas tambi\u00e9n pertenecen al dise\u00f1o.<\/p>\n\n\n\n<p class=\"wp-block-paragraph\">Porque dise\u00f1ar no es \u00fanicamente resolver una funci\u00f3n.<\/p>\n\n\n\n<p class=\"wp-block-paragraph\">Tambi\u00e9n es comunicar.<\/p>\n\n\n\n<p class=\"wp-block-paragraph\">Encuentros que abren nuevos caminos<\/p>\n\n\n\n<p class=\"wp-block-paragraph\">Durante el encuentro al que fuimos invitadas el s\u00e1bado 8 de agosto tuvimos adem\u00e1s la oportunidad de establecer contactos con mujeres vinculadas al cine y a las industrias creativas, entre ellas Dieynaba Noom y Sister LB Diouf.<\/p>\n\n\n\n<p class=\"wp-block-paragraph\">Estos encuentros muestran que una misi\u00f3n internacional puede producir oportunidades que van mucho m\u00e1s all\u00e1 de una rueda de negocios<\/p>\n\n\n\n<p class=\"wp-block-paragraph\">Puede generar conversaciones.<\/p>\n\n\n\n<p class=\"wp-block-paragraph\">Colaboraciones.<\/p>\n\n\n\n<p class=\"wp-block-paragraph\">Historias.<\/p>\n\n\n\n<p class=\"wp-block-paragraph\">Y nuevos proyectos.<\/p>\n\n\n\n<p class=\"wp-block-paragraph\">Dakar tambi\u00e9n lleg\u00f3 a Colombia<\/p>\n\n\n\n<p class=\"wp-block-paragraph\">Regresamos con fotograf\u00edas, telas, referencias, conversaciones y muchas ideas.<\/p>\n\n\n\n<p class=\"wp-block-paragraph\">Pero sobre todo regresamos con una nueva mirada.<\/p>\n\n\n\n<p class=\"wp-block-paragraph\">Una mirada que ahora comienza a traducirse en una colecci\u00f3n.<\/p>\n\n\n\n<p class=\"wp-block-paragraph\">AFRO COLOMBIA FUSION ser\u00e1 parte de ese di\u00e1logo.<\/p>\n\n\n\n<p class=\"wp-block-paragraph\">Porque el dise\u00f1o puede convertirse en un puente entre culturas.<\/p>\n\n\n\n<p class=\"wp-block-paragraph\">Y una bota, una chaqueta o un bolso pueden llevar consigo una historia mucho m\u00e1s grande que el producto mismo.<\/p>","protected":false},"excerpt":{"rendered":"<p>Dakar se descubre tambi\u00e9n a trav\u00e9s de sus objetos cotidianos, sus museos, sus artistas y sus calles. En nuestra exploraci\u00f3n encontramos una ciudad donde movilidad, arte, memoria e identidad se convierten en fuentes permanentes de inspiraci\u00f3n para el dise\u00f1o.<\/p>","protected":false},"author":1,"featured_media":1210,"comment_status":"open","ping_status":"open","sticky":false,"template":"","format":"standard","meta":{"footnotes":""},"categories":[63],"tags":[],"class_list":["post-1209","post","type-post","status-publish","format-standard","has-post-thumbnail","hentry","category-cultura-arte-y-diseno"],"_links":{"self":[{"href":"https:\/\/mepego.com.co\/en\/wp-json\/wp\/v2\/posts\/1209","targetHints":{"allow":["GET"]}}],"collection":[{"href":"https:\/\/mepego.com.co\/en\/wp-json\/wp\/v2\/posts"}],"about":[{"href":"https:\/\/mepego.com.co\/en\/wp-json\/wp\/v2\/types\/post"}],"author":[{"embeddable":true,"href":"https:\/\/mepego.com.co\/en\/wp-json\/wp\/v2\/users\/1"}],"replies":[{"embeddable":true,"href":"https:\/\/mepego.com.co\/en\/wp-json\/wp\/v2\/comments?post=1209"}],"version-history":[{"count":0,"href":"https:\/\/mepego.com.co\/en\/wp-json\/wp\/v2\/posts\/1209\/revisions"}],"wp:featuredmedia":[{"embeddable":true,"href":"https:\/\/mepego.com.co\/en\/wp-json\/wp\/v2\/media\/1210"}],"wp:attachment":[{"href":"https:\/\/mepego.com.co\/en\/wp-json\/wp\/v2\/media?parent=1209"}],"wp:term":[{"taxonomy":"category","embeddable":true,"href":"https:\/\/mepego.com.co\/en\/wp-json\/wp\/v2\/categories?post=1209"},{"taxonomy":"post_tag","embeddable":true,"href":"https:\/\/mepego.com.co\/en\/wp-json\/wp\/v2\/tags?post=1209"}],"curies":[{"name":"wp","href":"https:\/\/api.w.org\/{rel}","templated":true}]}}