{"id":1195,"date":"2026-08-25T13:38:54","date_gmt":"2026-08-25T13:38:54","guid":{"rendered":"https:\/\/mepego.com.co\/?p=1195"},"modified":"2026-08-26T08:30:21","modified_gmt":"2026-08-26T08:30:21","slug":"de-ghana-a-colombia-cuando-los-tejidos-africanos-encuentran-el-diseno-colombiano","status":"publish","type":"post","link":"https:\/\/mepego.com.co\/en\/de-ghana-a-colombia-cuando-los-tejidos-africanos-encuentran-el-diseno-colombiano\/","title":{"rendered":"De Ghana a Colombia: cuando los tejidos africanos encuentran el dise\u00f1o Colombiano"},"content":{"rendered":"<p class=\"wp-block-paragraph\">Hay viajes que cambian un itinerario.<\/p>\n\n\n\n<p class=\"wp-block-paragraph\">Y hay viajes que cambian una colecci\u00f3n.<\/p>\n\n\n\n<p class=\"wp-block-paragraph\">Para MEPEGO, nuestra exploraci\u00f3n por \u00c1frica Occidental abri\u00f3 una nueva posibilidad: construir productos desde el encuentro entre dos territorios culturalmente ricos y geogr\u00e1ficamente distantes<\/p>\n\n\n\n<p class=\"wp-block-paragraph\">Colombia lleg\u00f3 a Ghana con una propuesta basada en dise\u00f1o industrial, innovaci\u00f3n, biodiversidad y productos para caminantes.<\/p>\n\n\n\n<p class=\"wp-block-paragraph\">Ghana nos recibi\u00f3 con sus colores, sus tejidos, sus historias y sus posibilidades creativas.<\/p>\n\n\n\n<p class=\"wp-block-paragraph\">Una alianza que comenz\u00f3 con una conversaci\u00f3n<\/p>\n\n\n\n<p class=\"wp-block-paragraph\">Durante nuestra visita tuvimos la oportunidad de establecer relaciones con empresarias y potenciales aliadas, entre ellas Ogla<\/p>\n\n\n\n<p class=\"wp-block-paragraph\">Estos contactos nos permitieron comprender que la internacionalizaci\u00f3n no consiste solamente en vender.<\/p>\n\n\n\n<p class=\"wp-block-paragraph\">Tambi\u00e9n consiste en escuchar.<\/p>\n\n\n\n<p class=\"wp-block-paragraph\">Observar.Aprender.<\/p>\n\n\n\n<p class=\"wp-block-paragraph\">Y encontrar puntos de encuentro.<\/p>\n\n\n\n<p class=\"wp-block-paragraph\">El tejido como lenguaje<\/p>\n\n\n\n<p class=\"wp-block-paragraph\">Uno de los momentos m\u00e1s significativos fue recibir y adquirir materiales elaborados mediante t\u00e9cnicas de tejido africanas.<\/p>\n\n\n\n<p class=\"wp-block-paragraph\">Cada tejido tiene una textura.<\/p>\n\n\n\n<p class=\"wp-block-paragraph\">Un color. Una geometr\u00eda. Una historia.<\/p>\n\n\n\n<p class=\"wp-block-paragraph\">Y cuando llega a las manos de un dise\u00f1ador, se convierte en una posibilidad.<\/p>\n\n\n\n<p class=\"wp-block-paragraph\">Nuestra intenci\u00f3n no es simplemente utilizar tejidos africanos como decoraci\u00f3n.<\/p>\n\n\n\n<p class=\"wp-block-paragraph\">Queremos desarrollar una propuesta aut\u00e9nticamente colaborativa.<\/p>\n\n\n\n<p class=\"wp-block-paragraph\">AFRO COLOMBIA FUSION<\/p>\n\n\n\n<p class=\"wp-block-paragraph\">De esta experiencia comienza a tomar forma una nueva colecci\u00f3n:<\/p>\n\n\n\n<p class=\"wp-block-paragraph\">AFRO COLOMBIA FUSION<\/p>\n\n\n\n<p class=\"wp-block-paragraph\">Una propuesta que busca unir:<\/p>\n\n\n\n<p class=\"wp-block-paragraph\">Kente + biodiversidad colombiana<\/p>\n\n\n\n<p class=\"wp-block-paragraph\">textiles africanos + dise\u00f1o industrial colombiano<\/p>\n\n\n\n<p class=\"wp-block-paragraph\">color + funcionalidad<\/p>\n\n\n\n<p class=\"wp-block-paragraph\">tradici\u00f3n + innovaci\u00f3n<\/p>\n\n\n\n<p class=\"wp-block-paragraph\">\u00c1frica + Colombia.<\/p>\n\n\n\n<p class=\"wp-block-paragraph\">La empresa ya trabaja en el desarrollo de colecciones mediante investigaci\u00f3n, conceptualizaci\u00f3n, prototipado, selecci\u00f3n de materiales y personalizaci\u00f3n textil.<\/p>\n\n\n\n<p class=\"wp-block-paragraph\">Ahora queremos llevar ese proceso a un nuevo territorio creativo<\/p>\n\n\n\n<p class=\"wp-block-paragraph\">Del producto a la colaboraci\u00f3<\/p>\n\n\n\n<p class=\"wp-block-paragraph\">La verdadera oportunidad est\u00e1 en crear conjuntamente.<\/p>\n\n\n\n<p class=\"wp-block-paragraph\">Imaginar nuevas botas.<\/p>\n\n\n\n<p class=\"wp-block-paragraph\">Nuevas chaquetas.<\/p>\n\n\n\n<p class=\"wp-block-paragraph\">Nuevos bolsos.<\/p>\n\n\n\n<p class=\"wp-block-paragraph\">Nuevos accesorios.<\/p>\n\n\n\n<p class=\"wp-block-paragraph\">Y permitir que cada pieza tenga una historia compartida.<\/p>\n\n\n\n<p class=\"wp-block-paragraph\">Dise\u00f1ar tambi\u00e9n es tender puentes<\/p>\n\n\n\n<p class=\"wp-block-paragraph\">La colecci\u00f3n que estamos desarrollando no pretende decir que Colombia y \u00c1frica son iguales.<\/p>\n\n\n\n<p class=\"wp-block-paragraph\">Todo lo contrario.<\/p>\n\n\n\n<p class=\"wp-block-paragraph\">Queremos celebrar sus diferencias.<\/p>\n\n\n\n<p class=\"wp-block-paragraph\">Porque es precisamente en esas diferencias donde aparece la posibilidad de crear algo nuevo.<\/p>\n\n\n\n<p class=\"wp-block-paragraph\">AFRO COLOMBIA FUSION ser\u00e1 nuestra manera de contar esa historia.<\/p>\n\n\n\n<p class=\"wp-block-paragraph\">Una historia de encuentro.<\/p>\n\n\n\n<p class=\"wp-block-paragraph\">De respeto.<\/p>\n\n\n\n<p class=\"wp-block-paragraph\">De creatividad.<\/p>\n\n\n\n<p class=\"wp-block-paragraph\">Y de dos territorios que comienzan a dise\u00f1ar juntos.<\/p>\n\n\n\n<figure class=\"wp-block-image size-large\"><img fetchpriority=\"high\" decoding=\"async\" width=\"576\" height=\"1024\" src=\"https:\/\/mepego.com.co\/wp-content\/uploads\/2026\/08\/blog-3-colores-576x1024.webp\" alt=\"\" class=\"wp-image-1198\" srcset=\"https:\/\/mepego.com.co\/wp-content\/uploads\/2026\/08\/blog-3-colores-576x1024.webp 576w, https:\/\/mepego.com.co\/wp-content\/uploads\/2026\/08\/blog-3-colores-169x300.webp 169w, https:\/\/mepego.com.co\/wp-content\/uploads\/2026\/08\/blog-3-colores-7x12.webp 7w, https:\/\/mepego.com.co\/wp-content\/uploads\/2026\/08\/blog-3-colores-600x1066.webp 600w, https:\/\/mepego.com.co\/wp-content\/uploads\/2026\/08\/blog-3-colores.webp 720w\" sizes=\"(max-width: 576px) 100vw, 576px\" \/><\/figure>","protected":false},"excerpt":{"rendered":"<p>Nuestra misi\u00f3n exploratoria en Ghana y Senegal no termin\u00f3 con el regreso a Colombia. Regresamos con nuevos materiales, nuevas alianzas y una pregunta de dise\u00f1o: \u00bfqu\u00e9 puede suceder cuando el kente y los tejidos africanos dialogan con la biodiversidad y el dise\u00f1o colombiano<\/p>","protected":false},"author":1,"featured_media":1196,"comment_status":"open","ping_status":"open","sticky":false,"template":"","format":"standard","meta":{"footnotes":""},"categories":[61],"tags":[],"class_list":["post-1195","post","type-post","status-publish","format-standard","has-post-thumbnail","hentry","category-diseno-e-internacionalizacion"],"_links":{"self":[{"href":"https:\/\/mepego.com.co\/en\/wp-json\/wp\/v2\/posts\/1195","targetHints":{"allow":["GET"]}}],"collection":[{"href":"https:\/\/mepego.com.co\/en\/wp-json\/wp\/v2\/posts"}],"about":[{"href":"https:\/\/mepego.com.co\/en\/wp-json\/wp\/v2\/types\/post"}],"author":[{"embeddable":true,"href":"https:\/\/mepego.com.co\/en\/wp-json\/wp\/v2\/users\/1"}],"replies":[{"embeddable":true,"href":"https:\/\/mepego.com.co\/en\/wp-json\/wp\/v2\/comments?post=1195"}],"version-history":[{"count":1,"href":"https:\/\/mepego.com.co\/en\/wp-json\/wp\/v2\/posts\/1195\/revisions"}],"predecessor-version":[{"id":1264,"href":"https:\/\/mepego.com.co\/en\/wp-json\/wp\/v2\/posts\/1195\/revisions\/1264"}],"wp:featuredmedia":[{"embeddable":true,"href":"https:\/\/mepego.com.co\/en\/wp-json\/wp\/v2\/media\/1196"}],"wp:attachment":[{"href":"https:\/\/mepego.com.co\/en\/wp-json\/wp\/v2\/media?parent=1195"}],"wp:term":[{"taxonomy":"category","embeddable":true,"href":"https:\/\/mepego.com.co\/en\/wp-json\/wp\/v2\/categories?post=1195"},{"taxonomy":"post_tag","embeddable":true,"href":"https:\/\/mepego.com.co\/en\/wp-json\/wp\/v2\/tags?post=1195"}],"curies":[{"name":"wp","href":"https:\/\/api.w.org\/{rel}","templated":true}]}}